{"id":2617,"date":"2021-03-20T00:40:54","date_gmt":"2021-03-20T00:40:54","guid":{"rendered":"http:\/\/theunder.org\/real\/?p=2617"},"modified":"2021-03-20T00:40:56","modified_gmt":"2021-03-20T00:40:56","slug":"miercoles-de-microfono-abierto-y-jueves-de-cabina-abierta","status":"publish","type":"post","link":"http:\/\/theunder.org\/real\/2021\/03\/20\/miercoles-de-microfono-abierto-y-jueves-de-cabina-abierta\/","title":{"rendered":"Mi\u00e9rcoles de micr\u00f3fono abierto y jueves de cabina abierta."},"content":{"rendered":"\n<p>Reanudamos convocatoria para los  Mi\u00e9rcoles de Micr\u00f3fono Abierto y Jueves de Cabina Abierta <br> Quieres compartir m\u00fasica o textos en El Under env\u00edanos mensaje  cuanto antes para afinar detalles, las fechas y horarios se saturan de inmediato! <\/p>\n\n\n\n<p>Contacto<\/p>\n\n\n\n<p>Te esperamos a partir de las 16:00 hrs.<\/p>\n\n\n\n<figure class=\"wp-block-image\"><img loading=\"lazy\" decoding=\"async\" width=\"750\" height=\"443\" src=\"http:\/\/theunder.org\/real\/wp-content\/uploads\/2021\/03\/9D54B91A-D52B-4C8D-ABE9-1BDDEA0A1B5B.jpeg\" alt=\"\" class=\"wp-image-2618\" srcset=\"http:\/\/theunder.org\/real\/wp-content\/uploads\/2021\/03\/9D54B91A-D52B-4C8D-ABE9-1BDDEA0A1B5B.jpeg 750w, http:\/\/theunder.org\/real\/wp-content\/uploads\/2021\/03\/9D54B91A-D52B-4C8D-ABE9-1BDDEA0A1B5B-300x177.jpeg 300w\" sizes=\"auto, (max-width: 750px) 100vw, 750px\" \/><\/figure>\n\n\n\n<ul class=\"wp-block-gallery columns-1 is-cropped wp-block-gallery-1 is-layout-flex wp-block-gallery-is-layout-flex\"><li class=\"blocks-gallery-item\"><figure><img loading=\"lazy\" decoding=\"async\" width=\"750\" height=\"398\" src=\"http:\/\/theunder.org\/real\/wp-content\/uploads\/2021\/03\/5E934AD4-DC7D-4D26-B34D-C77A2B512CFC.jpeg\" alt=\"\" data-id=\"2620\" data-link=\"http:\/\/theunder.org\/real\/?attachment_id=2620\" class=\"wp-image-2620\" srcset=\"http:\/\/theunder.org\/real\/wp-content\/uploads\/2021\/03\/5E934AD4-DC7D-4D26-B34D-C77A2B512CFC.jpeg 750w, http:\/\/theunder.org\/real\/wp-content\/uploads\/2021\/03\/5E934AD4-DC7D-4D26-B34D-C77A2B512CFC-300x159.jpeg 300w\" sizes=\"auto, (max-width: 750px) 100vw, 750px\" \/><\/figure><\/li><\/ul>\n","protected":false},"excerpt":{"rendered":"<p>Reanudamos convocatoria para los Mi\u00e9rcoles de Micr\u00f3fono Abierto y Jueves de Cabina Abierta Quieres compartir m\u00fasica o textos en El Under env\u00edanos mensaje cuanto antes para afinar detalles, las fechas <a href=\"http:\/\/theunder.org\/real\/2021\/03\/20\/miercoles-de-microfono-abierto-y-jueves-de-cabina-abierta\/\" class=\"more-link\">[&hellip;]<\/a><\/p>\n","protected":false},"author":2,"featured_media":0,"comment_status":"closed","ping_status":"open","sticky":false,"template":"","format":"standard","meta":{"Layout":"","footnotes":""},"categories":[2],"tags":[],"class_list":["entry","author-lola","post-2617","post","type-post","status-publish","format-standard","category-eventos"],"_links":{"self":[{"href":"http:\/\/theunder.org\/real\/wp-json\/wp\/v2\/posts\/2617","targetHints":{"allow":["GET"]}}],"collection":[{"href":"http:\/\/theunder.org\/real\/wp-json\/wp\/v2\/posts"}],"about":[{"href":"http:\/\/theunder.org\/real\/wp-json\/wp\/v2\/types\/post"}],"author":[{"embeddable":true,"href":"http:\/\/theunder.org\/real\/wp-json\/wp\/v2\/users\/2"}],"replies":[{"embeddable":true,"href":"http:\/\/theunder.org\/real\/wp-json\/wp\/v2\/comments?post=2617"}],"version-history":[{"count":1,"href":"http:\/\/theunder.org\/real\/wp-json\/wp\/v2\/posts\/2617\/revisions"}],"predecessor-version":[{"id":2621,"href":"http:\/\/theunder.org\/real\/wp-json\/wp\/v2\/posts\/2617\/revisions\/2621"}],"wp:attachment":[{"href":"http:\/\/theunder.org\/real\/wp-json\/wp\/v2\/media?parent=2617"}],"wp:term":[{"taxonomy":"category","embeddable":true,"href":"http:\/\/theunder.org\/real\/wp-json\/wp\/v2\/categories?post=2617"},{"taxonomy":"post_tag","embeddable":true,"href":"http:\/\/theunder.org\/real\/wp-json\/wp\/v2\/tags?post=2617"}],"curies":[{"name":"wp","href":"https:\/\/api.w.org\/{rel}","templated":true}]}}